{"id":131,"date":"2018-06-03T08:00:36","date_gmt":"2018-06-03T07:00:36","guid":{"rendered":"http:\/\/www.kurzzeittherapie-neu-ulm.de\/?p=131"},"modified":"2023-10-25T09:36:43","modified_gmt":"2023-10-25T08:36:43","slug":"familien-und-systemaufstellung-am-28-11-2009","status":"publish","type":"post","link":"http:\/\/www.kurzzeittherapie-neu-ulm.de\/?p=131","title":{"rendered":"WORKSHOP &#8211; Familien- und System-Aufstellung"},"content":{"rendered":"<figure id=\"attachment_148\" aria-describedby=\"caption-attachment-148\" style=\"width: 300px\" class=\"wp-caption alignright\"><img decoding=\"async\" loading=\"lazy\" class=\"size-medium wp-image-148\" title=\"Familie- und SystemAufstellung am 5.2.2011\" src=\"http:\/\/www.kurzzeittherapie-neu-ulm.de\/wp-content\/uploads\/2009\/11\/Foto-300x225.jpg\" alt=\"Foto\" width=\"300\" height=\"225\" srcset=\"http:\/\/www.kurzzeittherapie-neu-ulm.de\/wp-content\/uploads\/2009\/11\/Foto-300x225.jpg 300w, http:\/\/www.kurzzeittherapie-neu-ulm.de\/wp-content\/uploads\/2009\/11\/Foto.jpg 800w\" sizes=\"(max-width: 300px) 100vw, 300px\" \/><figcaption id=\"caption-attachment-148\" class=\"wp-caption-text\">caption=Einzeltherapie-Familienaufstellung<\/figcaption><\/figure>\n<p><strong>Familien-und System-Aufstellungen seit \u00fcber 25 Jahren<\/strong><\/p>\n<p><strong>Neuer Termin<span style=\"color: #0000ff;\"><strong>\u00a0<\/strong>\u00a0 \u00a0 Tagesseminar am 13.Januar 2024\u00a0<span style=\"color: #333333;\"> ( 10-18 Uhr\/<\/span> <span style=\"color: #333333;\">in Ulm)<\/span><\/span><\/strong><\/p>\n<div>(gemeinsam mit\u00a0 <strong>Dipl.Psych. Christoph Schubert<\/strong>\/ Neu-Ulm)<\/div>\n<div><\/div>\n<div><\/div>\n<p>In diesem Workshop nutzen wir die Gruppe (ca.15 Personen) , um \u00fcber die systemische Aufstellung das subjektive\u00a0und unbewusste Bild, das wir von unserer Jetzt-Familie oder der Herkunftsfamilie und\/oder sonstiger Bindungen (auch Teams) in uns tragen, sichtbar zu machen und \u00fcber eine Neu-Konstruktion positiv zu ver\u00e4ndern. Au\u00dferdem k\u00f6nnen wir so Einfl\u00fcsse und Pr\u00e4gungen unserer Sippe erkennen, die in hohem Ma\u00df die Rollen,die wir im Leben einnehmen,mitbestimmen.<\/p>\n<p>Das Ver\u00e4ndern der inneren Bilder f\u00fchrt zu neuen Ein-Sichten und damit verbundenen L\u00f6sungen.<\/p>\n<p>Annehmen und Ann\u00e4herung oder Abgrenzung und Abschied in Liebe -vor allem auch das Anerkennen von Ausgeschlossenen oder Vergessenen im System -f\u00fchren oft zu einer Befreiung und erm\u00f6glichen das Ablegen \u00fcbernommener Gef\u00fchle.<\/p>\n<p>Es ist sinnvoll, mit einer pers\u00f6nlichen Fragestellung zu kommen. Und wer an diesem Tag nicht selbst aufstellt (6-8 Aufstellungen sind \u00fcblich), ist\u00a0 als StellvertreterIn dabei. Dabei werden oft auch eigene Fragen ber\u00fchrt und L\u00f6sungen aufgezeigt.<\/p>\n<p>Diese Gruppe ist besonders geeignet f\u00fcr Menschen, die sich in Psychotherapie, Beratung oder Selbsterfahrungsprozessen befinden.<\/p>\n<p>ANMELDUNG ERFORDERLICH<\/p>\n<p>F\u00fcr Anmeldungen und weitere Fragen,\u00a0<a href=\"http:\/\/www.kurzzeittherapie-neu-ulm.de\/?page_id=14\">schreiben Sie mir oder rufen Sie an<\/a>.<\/p>\n","protected":false},"excerpt":{"rendered":"<p>Familien-und System-Aufstellungen seit \u00fcber 25 Jahren Neuer Termin\u00a0\u00a0 \u00a0 Tagesseminar am 13.Januar 2024\u00a0 ( 10-18 Uhr\/ in Ulm) (gemeinsam mit\u00a0 Dipl.Psych. Christoph Schubert\/ Neu-Ulm) In&hellip;<\/p>\n","protected":false},"author":2,"featured_media":0,"comment_status":"open","ping_status":"open","sticky":false,"template":"","format":"standard","meta":{"_s2mail":"yes","footnotes":""},"categories":[1,34,19,37,21,47],"tags":[35,50,36],"aioseo_notices":[],"_links":{"self":[{"href":"http:\/\/www.kurzzeittherapie-neu-ulm.de\/index.php?rest_route=\/wp\/v2\/posts\/131"}],"collection":[{"href":"http:\/\/www.kurzzeittherapie-neu-ulm.de\/index.php?rest_route=\/wp\/v2\/posts"}],"about":[{"href":"http:\/\/www.kurzzeittherapie-neu-ulm.de\/index.php?rest_route=\/wp\/v2\/types\/post"}],"author":[{"embeddable":true,"href":"http:\/\/www.kurzzeittherapie-neu-ulm.de\/index.php?rest_route=\/wp\/v2\/users\/2"}],"replies":[{"embeddable":true,"href":"http:\/\/www.kurzzeittherapie-neu-ulm.de\/index.php?rest_route=%2Fwp%2Fv2%2Fcomments&post=131"}],"version-history":[{"count":113,"href":"http:\/\/www.kurzzeittherapie-neu-ulm.de\/index.php?rest_route=\/wp\/v2\/posts\/131\/revisions"}],"predecessor-version":[{"id":1403,"href":"http:\/\/www.kurzzeittherapie-neu-ulm.de\/index.php?rest_route=\/wp\/v2\/posts\/131\/revisions\/1403"}],"wp:attachment":[{"href":"http:\/\/www.kurzzeittherapie-neu-ulm.de\/index.php?rest_route=%2Fwp%2Fv2%2Fmedia&parent=131"}],"wp:term":[{"taxonomy":"category","embeddable":true,"href":"http:\/\/www.kurzzeittherapie-neu-ulm.de\/index.php?rest_route=%2Fwp%2Fv2%2Fcategories&post=131"},{"taxonomy":"post_tag","embeddable":true,"href":"http:\/\/www.kurzzeittherapie-neu-ulm.de\/index.php?rest_route=%2Fwp%2Fv2%2Ftags&post=131"}],"curies":[{"name":"wp","href":"https:\/\/api.w.org\/{rel}","templated":true}]}}